{"id":83474,"date":"2026-08-31T09:54:10","date_gmt":"2026-08-31T12:54:10","guid":{"rendered":"https:\/\/luxuryhomefloripa.com.br\/?p=83474"},"modified":"2026-08-31T09:57:19","modified_gmt":"2026-08-31T12:57:19","slug":"casacor-hif-2026-reune-arquitetura-global-em-sao-paulo","status":"publish","type":"post","link":"https:\/\/luxuryhomefloripa.com.br\/es\/casacor-hif-2026-reune-arquitetura-global-em-sao-paulo\/","title":{"rendered":"CASACOR \/ HIF 2026 re\u00fane arquitetura global em S\u00e3o Paulo"},"content":{"rendered":"<p class=\"wp-block-paragraph\">O HIF &#8211; Hunter International Forum, re\u00fane em S\u00e3o Paulo, nos dias 29 e 30 de setembro de 2026, alguns dos principais nomes da arquitetura mundial. Entre Thomas Heatherwick, Tatiana Bilbao, Arthur Casas, Kai-Uwe Bergmann e Solano Ben\u00edtez est\u00e1 a Gehl People, escrit\u00f3rio internacional que hoje participa de uma discuss\u00e3o especialmente pr\u00f3xima de Florian\u00f3polis: o futuro dos espa\u00e7os p\u00fablicos do Centro da cidade.<\/p>\n\n\n\n<p class=\"wp-block-paragraph\">A conex\u00e3o \u00e9 concreta. Em 2026, Florian\u00f3polis apresentou o masterplan \u201cFloripa Centro: Repensando seus espa\u00e7os p\u00fablicos para pessoas\u201d, desenvolvido pela Gehl como parte do programa Centro Para Todos. Ou seja, o projeto prop\u00f5e uma nova leitura da regi\u00e3o central a partir da escala humana, considerando a maneira como as pessoas se deslocam, permanecem, convivem e experimentam a cidade.<br><br>Veja mais aqui \u2192 <a href=\"https:\/\/luxuryhomefloripa.com.br\/es\/gehl-architects-vai-transformar-florianopolis-inspirando-se-em-copenhague-e-nova-york\/\">Gehl Architects transformar\u00e1 Florian\u00f3polis, inspir\u00e1ndose en Copenhague y Nueva York.<\/a><br><br>No HIF, a Gehl apresenta justamente <strong>\u201cEspa\u00e7o P\u00fablico, Vida P\u00fablica\u201d<\/strong>. Portanto, a palestra coloca no palco de um f\u00f3rum internacional uma abordagem que j\u00e1 participa do planejamento urbano de Florian\u00f3polis e permite observar esse trabalho dentro de uma discuss\u00e3o mais ampla sobre arquitetura, mobilidade, espa\u00e7o p\u00fablico e qualidade de vida.<\/p>\n\n\n\n<p class=\"wp-block-paragraph\">O encontro acontece no Audit\u00f3rio Simon Bol\u00edvar, no Memorial da Am\u00e9rica Latina, e chega \u00e0 segunda edi\u00e7\u00e3o com dois dias de palestras, pain\u00e9is e experi\u00eancias. A programa\u00e7\u00e3o percorre diferentes escalas da arquitetura contempor\u00e2nea, do desenho dos espa\u00e7os p\u00fablicos aos materiais, da pr\u00e1tica profissional \u00e0 regenera\u00e7\u00e3o urbana.<\/p>\n\n\n\n<div style=\"height:50px\" aria-hidden=\"true\" class=\"wp-block-spacer\"><\/div>\n\n\n\n<figure class=\"wp-block-image size-large\"><a href=\"https:\/\/luxuryhomefloripa.com.br\/wp-content\/uploads\/2026\/08\/image-1.png\"><img fetchpriority=\"high\" decoding=\"async\" width=\"1024\" height=\"686\" sizes=\"(max-width: 1024px) 100vw, 1024px\" src=\"https:\/\/luxuryhomefloripa.com.br\/wp-content\/uploads\/2026\/08\/image-1-1024x686.png\" alt=\"\" class=\"wp-image-83475\" srcset=\"https:\/\/luxuryhomefloripa.com.br\/wp-content\/uploads\/2026\/08\/image-1-1024x686.png 1024w, https:\/\/luxuryhomefloripa.com.br\/wp-content\/uploads\/2026\/08\/image-1-600x402.png 600w, https:\/\/luxuryhomefloripa.com.br\/wp-content\/uploads\/2026\/08\/image-1-767x514.png 767w, https:\/\/luxuryhomefloripa.com.br\/wp-content\/uploads\/2026\/08\/image-1-18x12.png 18w, https:\/\/luxuryhomefloripa.com.br\/wp-content\/uploads\/2026\/08\/image-1-1536x1029.png 1536w, https:\/\/luxuryhomefloripa.com.br\/wp-content\/uploads\/2026\/08\/image-1-240x160.png 240w, https:\/\/luxuryhomefloripa.com.br\/wp-content\/uploads\/2026\/08\/image-1.png 1920w\" \/><\/a><\/figure>\n\n\n\n<div style=\"height:50px\" aria-hidden=\"true\" class=\"wp-block-spacer\"><\/div>\n\n\n\n<h2 id=\"h-por-que-o-hif-2026-merece-atencao-a-partir-de-florianopolis\" class=\"wp-block-heading\">Por que o HIF 2026 merece aten\u00e7\u00e3o a partir de Florian\u00f3polis?<\/h2>\n\n\n\n<p class=\"wp-block-paragraph\">A Gehl construiu sua atua\u00e7\u00e3o internacional a partir de uma ideia que transformou a maneira de observar as cidades: antes de desenhar espa\u00e7os, \u00e9 preciso compreender como as pessoas realmente os utilizam.<\/p>\n\n\n\n<p class=\"wp-block-paragraph\">Essa perspectiva est\u00e1 associada ao trabalho do urbanista dinamarqu\u00eas Jan Gehl e orientou projetos e transforma\u00e7\u00f5es urbanas em diferentes partes do mundo. Atualmente, Copenhague e Nova York est\u00e3o entre as refer\u00eancias mais conhecidas dessa trajet\u00f3ria.<\/p>\n\n\n\n<div style=\"height:50px\" aria-hidden=\"true\" class=\"wp-block-spacer\"><\/div>\n\n\n\n<figure class=\"wp-block-image size-large\"><a href=\"https:\/\/luxuryhomefloripa.com.br\/wp-content\/uploads\/2026\/08\/image-2.png\"><img decoding=\"async\" width=\"1024\" height=\"683\" sizes=\"(max-width: 1024px) 100vw, 1024px\" src=\"https:\/\/luxuryhomefloripa.com.br\/wp-content\/uploads\/2026\/08\/image-2-1024x683.png\" alt=\"\" class=\"wp-image-83476\" srcset=\"https:\/\/luxuryhomefloripa.com.br\/wp-content\/uploads\/2026\/08\/image-2-1024x683.png 1024w, https:\/\/luxuryhomefloripa.com.br\/wp-content\/uploads\/2026\/08\/image-2-600x400.png 600w, https:\/\/luxuryhomefloripa.com.br\/wp-content\/uploads\/2026\/08\/image-2-768x512.png 768w, https:\/\/luxuryhomefloripa.com.br\/wp-content\/uploads\/2026\/08\/image-2-18x12.png 18w, https:\/\/luxuryhomefloripa.com.br\/wp-content\/uploads\/2026\/08\/image-2-1536x1024.png 1536w, https:\/\/luxuryhomefloripa.com.br\/wp-content\/uploads\/2026\/08\/image-2-240x160.png 240w, https:\/\/luxuryhomefloripa.com.br\/wp-content\/uploads\/2026\/08\/image-2-2048x1366.png 2048w\" \/><\/a><\/figure>\n\n\n\n<figure class=\"wp-block-image size-large\"><a href=\"https:\/\/luxuryhomefloripa.com.br\/wp-content\/uploads\/2025\/09\/Hero-Making-cities-for-people.jpg.webp\"><img decoding=\"async\" width=\"1024\" height=\"619\" sizes=\"(max-width: 1024px) 100vw, 1024px\" src=\"https:\/\/luxuryhomefloripa.com.br\/wp-content\/uploads\/2025\/09\/Hero-Making-cities-for-people.jpg-1024x619.webp\" alt=\"\" class=\"wp-image-74233\" srcset=\"https:\/\/luxuryhomefloripa.com.br\/wp-content\/uploads\/2025\/09\/Hero-Making-cities-for-people.jpg-1024x619.webp 1024w, https:\/\/luxuryhomefloripa.com.br\/wp-content\/uploads\/2025\/09\/Hero-Making-cities-for-people.jpg-600x363.webp 600w, https:\/\/luxuryhomefloripa.com.br\/wp-content\/uploads\/2025\/09\/Hero-Making-cities-for-people.jpg-768x464.webp 768w, https:\/\/luxuryhomefloripa.com.br\/wp-content\/uploads\/2025\/09\/Hero-Making-cities-for-people.jpg-1536x929.webp 1536w, https:\/\/luxuryhomefloripa.com.br\/wp-content\/uploads\/2025\/09\/Hero-Making-cities-for-people.jpg-18x12.webp 18w, https:\/\/luxuryhomefloripa.com.br\/wp-content\/uploads\/2025\/09\/Hero-Making-cities-for-people.jpg.webp 1728w\" \/><\/a><\/figure>\n\n\n\n<div style=\"height:50px\" aria-hidden=\"true\" class=\"wp-block-spacer\"><\/div>\n\n\n\n<p class=\"wp-block-paragraph\">Agora, essa metodologia tamb\u00e9m integra o planejamento de Florian\u00f3polis.<\/p>\n\n\n\n<p class=\"wp-block-paragraph\">O masterplan \u201cFloripa Centro: Repensando seus espa\u00e7os p\u00fablicos para pessoas\u201d prop\u00f5e tratar o espa\u00e7o p\u00fablico como elemento estruturador da vida urbana. Assim, ruas, \u00e1reas de conviv\u00eancia, deslocamentos e rela\u00e7\u00f5es entre diferentes usos deixam de ser analisados isoladamente e passam a compor uma vis\u00e3o integrada da regi\u00e3o central.<\/p>\n\n\n\n<p class=\"wp-block-paragraph\">O projeto se organiza em cinco eixos. Portanto, a mobilidade sustent\u00e1vel prioriza modos ativos e transporte coletivo. Sendo assim, os espa\u00e7os p\u00fablicos s\u00e3o relacionados \u00e0 resili\u00eancia clim\u00e1tica e ao conforto ambiental. O planejamento para crian\u00e7as utiliza a inf\u00e2ncia como par\u00e2metro de qualidade urbana. J\u00e1 o conceito de bairros completos aproxima moradia, trabalho e servi\u00e7os. Por fim, o turismo sazonal entra na discuss\u00e3o a partir do equil\u00edbrio entre atividade econ\u00f4mica e qualidade de vida ao longo do ano.<\/p>\n\n\n\n<p class=\"wp-block-paragraph\">Esse conjunto torna a participa\u00e7\u00e3o da Gehl no HIF particularmente atual para Florian\u00f3polis. Enquanto o f\u00f3rum apresenta discuss\u00f5es internacionais sobre o futuro da arquitetura e das cidades, parte desse repert\u00f3rio j\u00e1 est\u00e1 sendo incorporada a um projeto urbano da capital catarinense.<\/p>\n\n\n\n<div style=\"height:50px\" aria-hidden=\"true\" class=\"wp-block-spacer\"><\/div>\n\n\n\n<figure class=\"wp-block-image size-large\"><a href=\"https:\/\/luxuryhomefloripa.com.br\/wp-content\/uploads\/2026\/08\/image-4.png\"><img loading=\"lazy\" decoding=\"async\" width=\"1024\" height=\"576\" sizes=\"(max-width: 1024px) 100vw, 1024px\" src=\"https:\/\/luxuryhomefloripa.com.br\/wp-content\/uploads\/2026\/08\/image-4-1024x576.png\" alt=\"\" class=\"wp-image-83478\" srcset=\"https:\/\/luxuryhomefloripa.com.br\/wp-content\/uploads\/2026\/08\/image-4-1024x576.png 1024w, https:\/\/luxuryhomefloripa.com.br\/wp-content\/uploads\/2026\/08\/image-4-600x338.png 600w, https:\/\/luxuryhomefloripa.com.br\/wp-content\/uploads\/2026\/08\/image-4-768x432.png 768w, https:\/\/luxuryhomefloripa.com.br\/wp-content\/uploads\/2026\/08\/image-4-18x10.png 18w, https:\/\/luxuryhomefloripa.com.br\/wp-content\/uploads\/2026\/08\/image-4-1536x864.png 1536w, https:\/\/luxuryhomefloripa.com.br\/wp-content\/uploads\/2026\/08\/image-4.png 1920w\" \/><\/a><\/figure>\n\n\n\n<figure class=\"wp-block-image size-large\"><a href=\"https:\/\/luxuryhomefloripa.com.br\/wp-content\/uploads\/2026\/08\/image-3.png\"><img loading=\"lazy\" decoding=\"async\" width=\"1024\" height=\"731\" sizes=\"(max-width: 1024px) 100vw, 1024px\" src=\"https:\/\/luxuryhomefloripa.com.br\/wp-content\/uploads\/2026\/08\/image-3-1024x731.png\" alt=\"\" class=\"wp-image-83477\" srcset=\"https:\/\/luxuryhomefloripa.com.br\/wp-content\/uploads\/2026\/08\/image-3-1024x731.png 1024w, https:\/\/luxuryhomefloripa.com.br\/wp-content\/uploads\/2026\/08\/image-3-600x429.png 600w, https:\/\/luxuryhomefloripa.com.br\/wp-content\/uploads\/2026\/08\/image-3-767x548.png 767w, https:\/\/luxuryhomefloripa.com.br\/wp-content\/uploads\/2026\/08\/image-3-17x12.png 17w, https:\/\/luxuryhomefloripa.com.br\/wp-content\/uploads\/2026\/08\/image-3.png 1200w\" \/><\/a><\/figure>\n\n\n\n<div style=\"height:50px\" aria-hidden=\"true\" class=\"wp-block-spacer\"><\/div>\n\n\n\n<h2 id=\"h-gehl-leva-ao-hif-a-relacao-entre-espaco-publico-e-vida-publica\" class=\"wp-block-heading\">Gehl leva ao HIF a rela\u00e7\u00e3o entre espa\u00e7o p\u00fablico e vida p\u00fablica<\/h2>\n\n\n\n<p class=\"wp-block-paragraph\">A Gehl ser\u00e1 representada no HIF por <strong>Rute Nieto Ferreira<\/strong>, Senior Project Manager do escrit\u00f3rio, arquiteta e urbanista com duas d\u00e9cadas de experi\u00eancia.<\/p>\n\n\n\n<p class=\"wp-block-paragraph\">Sua trajet\u00f3ria inclui trabalhos no Reino Unido, Su\u00e9cia, Portugal e Estados Unidos. Entre seus campos de interesse est\u00e3o bairros, espa\u00e7os p\u00fablicos e urbanismo voltado para crian\u00e7as, al\u00e9m disso, processos colaborativos de desenho urbano.<\/p>\n\n\n\n<p class=\"wp-block-paragraph\">No dia 29 de setembro, das 16h30 \u00e0s 17h30, a Gehl apresenta <strong>\u201cEspa\u00e7o P\u00fablico, Vida P\u00fablica\u201d<\/strong>.<\/p>\n\n\n\n<p class=\"wp-block-paragraph\">A rela\u00e7\u00e3o entre os dois conceitos est\u00e1 no centro da metodologia do escrit\u00f3rio. O espa\u00e7o f\u00edsico influencia deslocamentos, perman\u00eancias, encontros e atividades cotidianas. Por isso, compreender a vida que acontece entre os edif\u00edcios ajuda a orientar decis\u00f5es sobre ruas, pra\u00e7as e outros ambientes urbanos.<\/p>\n\n\n\n<p class=\"wp-block-paragraph\">Em Florian\u00f3polis, essa l\u00f3gica orienta o masterplan do Centro. O projeto foi constru\u00eddo tamb\u00e9m por meio de oficinas com t\u00e9cnicos da Prefeitura e representantes de diferentes setores da sociedade, incorporando leituras locais ao desenvolvimento das propostas.<\/p>\n\n\n\n<p class=\"wp-block-paragraph\">A palestra no HIF oferece, portanto, uma oportunidade de acompanhar os princ\u00edpios que sustentam uma discuss\u00e3o urbana j\u00e1 em andamento na cidade.<\/p>\n\n\n\n<div style=\"height:50px\" aria-hidden=\"true\" class=\"wp-block-spacer\"><\/div>\n\n\n\n<h2 id=\"h-o-que-e-o-hif\" class=\"wp-block-heading\">O que \u00e9 o HIF?<\/h2>\n\n\n\n<p class=\"wp-block-paragraph\">Criado pelo Architecture Hunter, o HIF chega \u00e0 segunda edi\u00e7\u00e3o reunindo arquitetos, urbanistas, designers e estudantes em torno do presente e do futuro da arquitetura em escala global.<\/p>\n\n\n\n<p class=\"wp-block-paragraph\">O evento ser\u00e1 realizado no <strong>Audit\u00f3rio Simon Bol\u00edvar, no Memorial da Am\u00e9rica Latina<\/strong>, em S\u00e3o Paulo. Durante os dias 29 e 30 de setembro, a programa\u00e7\u00e3o combina talks, pain\u00e9is e experi\u00eancias.<\/p>\n\n\n\n<p class=\"wp-block-paragraph\">A curadoria re\u00fane profissionais de diferentes pa\u00edses, gera\u00e7\u00f5es e campos de atua\u00e7\u00e3o. Com isso, o f\u00f3rum permite observar respostas distintas para quest\u00f5es contempor\u00e2neas da arquitetura, desde a experi\u00eancia humana nas cidades at\u00e9 materiais, impacto social, bem como, identidade e transforma\u00e7\u00e3o ambiental.<\/p>\n\n\n\n<p class=\"wp-block-paragraph\">A diversidade tamb\u00e9m aparece na combina\u00e7\u00e3o entre grandes escrit\u00f3rios internacionais e nomes relevantes da produ\u00e7\u00e3o brasileira.<\/p>\n\n\n\n<div style=\"height:50px\" aria-hidden=\"true\" class=\"wp-block-spacer\"><\/div>\n\n\n\n<figure class=\"wp-block-image size-large\"><a href=\"https:\/\/luxuryhomefloripa.com.br\/wp-content\/uploads\/2026\/08\/image-5.png\"><img loading=\"lazy\" decoding=\"async\" width=\"1024\" height=\"808\" sizes=\"(max-width: 1024px) 100vw, 1024px\" src=\"https:\/\/luxuryhomefloripa.com.br\/wp-content\/uploads\/2026\/08\/image-5-1024x808.png\" alt=\"\" class=\"wp-image-83479\" srcset=\"https:\/\/luxuryhomefloripa.com.br\/wp-content\/uploads\/2026\/08\/image-5-1024x808.png 1024w, https:\/\/luxuryhomefloripa.com.br\/wp-content\/uploads\/2026\/08\/image-5-600x474.png 600w, https:\/\/luxuryhomefloripa.com.br\/wp-content\/uploads\/2026\/08\/image-5-768x606.png 768w, https:\/\/luxuryhomefloripa.com.br\/wp-content\/uploads\/2026\/08\/image-5-1536x1212.png 1536w, https:\/\/luxuryhomefloripa.com.br\/wp-content\/uploads\/2026\/08\/image-5-15x12.png 15w, https:\/\/luxuryhomefloripa.com.br\/wp-content\/uploads\/2026\/08\/image-5-2048x1617.png 2048w\" \/><\/a><\/figure>\n\n\n\n<div style=\"height:50px\" aria-hidden=\"true\" class=\"wp-block-spacer\"><\/div>\n\n\n\n<h2 id=\"h-thomas-heatherwick-tatiana-bilbao-big-e-outros-nomes-do-hif\" class=\"wp-block-heading\">Thomas Heatherwick, Tatiana Bilbao, BIG e outros nomes do HIF<\/h2>\n\n\n\n<p class=\"wp-block-paragraph\"><strong>Thomas Heatherwick<\/strong>, fundador e diretor de design do Heatherwick Studio, encerra o primeiro dia com \u201cHumanise\u201d.<\/p>\n\n\n\n<p class=\"wp-block-paragraph\">O arquiteto e designer brit\u00e2nico leva ao HIF uma discuss\u00e3o diretamente relacionada \u00e0 experi\u00eancia humana na arquitetura. Dessa forma, a presen\u00e7a tamb\u00e9m ajuda a revelar um dos fios condutores da programa\u00e7\u00e3o: a rela\u00e7\u00e3o entre aquilo que se projeta e a forma como as pessoas experimentam os espa\u00e7os.<\/p>\n\n\n\n<div style=\"height:50px\" aria-hidden=\"true\" class=\"wp-block-spacer\"><\/div>\n\n\n\n<figure class=\"wp-block-image size-large\"><a href=\"https:\/\/luxuryhomefloripa.com.br\/wp-content\/uploads\/2026\/08\/image-6.png\"><img loading=\"lazy\" decoding=\"async\" width=\"1024\" height=\"607\" sizes=\"(max-width: 1024px) 100vw, 1024px\" src=\"https:\/\/luxuryhomefloripa.com.br\/wp-content\/uploads\/2026\/08\/image-6-1024x607.png\" alt=\"\" class=\"wp-image-83480\" srcset=\"https:\/\/luxuryhomefloripa.com.br\/wp-content\/uploads\/2026\/08\/image-6-1024x607.png 1024w, https:\/\/luxuryhomefloripa.com.br\/wp-content\/uploads\/2026\/08\/image-6-600x356.png 600w, https:\/\/luxuryhomefloripa.com.br\/wp-content\/uploads\/2026\/08\/image-6-767x455.png 767w, https:\/\/luxuryhomefloripa.com.br\/wp-content\/uploads\/2026\/08\/image-6-18x11.png 18w, https:\/\/luxuryhomefloripa.com.br\/wp-content\/uploads\/2026\/08\/image-6-1536x911.png 1536w, https:\/\/luxuryhomefloripa.com.br\/wp-content\/uploads\/2026\/08\/image-6-2048x1214.png 2048w\" \/><\/a><\/figure>\n\n\n\n<figure class=\"wp-block-image size-large\"><a href=\"https:\/\/luxuryhomefloripa.com.br\/wp-content\/uploads\/2026\/08\/image-7.png\"><img loading=\"lazy\" decoding=\"async\" width=\"1024\" height=\"819\" sizes=\"(max-width: 1024px) 100vw, 1024px\" src=\"https:\/\/luxuryhomefloripa.com.br\/wp-content\/uploads\/2026\/08\/image-7-1024x819.png\" alt=\"\" class=\"wp-image-83481\" srcset=\"https:\/\/luxuryhomefloripa.com.br\/wp-content\/uploads\/2026\/08\/image-7-1024x819.png 1024w, https:\/\/luxuryhomefloripa.com.br\/wp-content\/uploads\/2026\/08\/image-7-600x480.png 600w, https:\/\/luxuryhomefloripa.com.br\/wp-content\/uploads\/2026\/08\/image-7-767x614.png 767w, https:\/\/luxuryhomefloripa.com.br\/wp-content\/uploads\/2026\/08\/image-7-15x12.png 15w, https:\/\/luxuryhomefloripa.com.br\/wp-content\/uploads\/2026\/08\/image-7.png 1406w\" \/><\/a><\/figure>\n\n\n\n<div style=\"height:50px\" aria-hidden=\"true\" class=\"wp-block-spacer\"><\/div>\n\n\n\n<p class=\"wp-block-paragraph\"><strong>Tatiana Bilbao<\/strong>, fundadora e arquiteta principal do Tatiana Bilbao Estudio, apresenta \u201cDa Mesa \u00e0 Cidade\u201d. O t\u00edtulo j\u00e1 sugere uma passagem entre diferentes escalas, aproximando arquitetura e contexto urbano.<\/p>\n\n\n\n<div style=\"height:50px\" aria-hidden=\"true\" class=\"wp-block-spacer\"><\/div>\n\n\n\n<figure class=\"wp-block-gallery has-nested-images columns-default is-cropped wp-block-gallery-1 is-layout-flex wp-block-gallery-is-layout-flex\">\n<figure class=\"wp-block-image size-full\"><a href=\"https:\/\/luxuryhomefloripa.com.br\/wp-content\/uploads\/2026\/08\/Render-01.jpg\"><img loading=\"lazy\" decoding=\"async\" width=\"450\" height=\"300\" sizes=\"(max-width: 450px) 100vw, 450px\" data-id=\"83482\" src=\"https:\/\/luxuryhomefloripa.com.br\/wp-content\/uploads\/2026\/08\/Render-01.jpg\" alt=\"\" class=\"wp-image-83482\"\/><\/a><\/figure>\n\n\n\n<figure class=\"wp-block-image size-full\"><a href=\"https:\/\/luxuryhomefloripa.com.br\/wp-content\/uploads\/2026\/08\/Render-03.jpg\"><img loading=\"lazy\" decoding=\"async\" width=\"450\" height=\"298\" sizes=\"(max-width: 450px) 100vw, 450px\" data-id=\"83483\" src=\"https:\/\/luxuryhomefloripa.com.br\/wp-content\/uploads\/2026\/08\/Render-03.jpg\" alt=\"\" class=\"wp-image-83483\"\/><\/a><\/figure>\n<\/figure>\n\n\n\n<div style=\"height:50px\" aria-hidden=\"true\" class=\"wp-block-spacer\"><\/div>\n\n\n\n<p class=\"wp-block-paragraph\">O brasileiro <strong>Arthur Casas<\/strong>, fundador e arquiteto principal do Studio Arthur Casas, participa com \u201cEm Primeira Pessoa: Arthur Casas | Pesquisa, Pr\u00e1tica e Inova\u00e7\u00e3o na Arquitetura\u201d.<\/p>\n\n\n\n<figure class=\"wp-block-image size-large\"><a href=\"https:\/\/luxuryhomefloripa.com.br\/wp-content\/uploads\/2026\/08\/image-8.png\"><img loading=\"lazy\" decoding=\"async\" width=\"1024\" height=\"503\" sizes=\"(max-width: 1024px) 100vw, 1024px\" src=\"https:\/\/luxuryhomefloripa.com.br\/wp-content\/uploads\/2026\/08\/image-8-1024x503.png\" alt=\"\" class=\"wp-image-83484\" srcset=\"https:\/\/luxuryhomefloripa.com.br\/wp-content\/uploads\/2026\/08\/image-8-1024x503.png 1024w, https:\/\/luxuryhomefloripa.com.br\/wp-content\/uploads\/2026\/08\/image-8-600x295.png 600w, https:\/\/luxuryhomefloripa.com.br\/wp-content\/uploads\/2026\/08\/image-8-767x377.png 767w, https:\/\/luxuryhomefloripa.com.br\/wp-content\/uploads\/2026\/08\/image-8-18x9.png 18w, https:\/\/luxuryhomefloripa.com.br\/wp-content\/uploads\/2026\/08\/image-8-1536x755.png 1536w, https:\/\/luxuryhomefloripa.com.br\/wp-content\/uploads\/2026\/08\/image-8-2048x1006.png 2048w\" \/><\/a><\/figure>\n\n\n\n<figure class=\"wp-block-image size-large\"><a href=\"https:\/\/luxuryhomefloripa.com.br\/wp-content\/uploads\/2026\/08\/dsf9920-1280x960-1.jpg\"><img loading=\"lazy\" decoding=\"async\" width=\"1024\" height=\"768\" sizes=\"(max-width: 1024px) 100vw, 1024px\" src=\"https:\/\/luxuryhomefloripa.com.br\/wp-content\/uploads\/2026\/08\/dsf9920-1280x960-1-1024x768.jpg\" alt=\"\" class=\"wp-image-83486\" srcset=\"https:\/\/luxuryhomefloripa.com.br\/wp-content\/uploads\/2026\/08\/dsf9920-1280x960-1-1024x768.jpg 1024w, https:\/\/luxuryhomefloripa.com.br\/wp-content\/uploads\/2026\/08\/dsf9920-1280x960-1-600x450.jpg 600w, https:\/\/luxuryhomefloripa.com.br\/wp-content\/uploads\/2026\/08\/dsf9920-1280x960-1-768x576.jpg 768w, https:\/\/luxuryhomefloripa.com.br\/wp-content\/uploads\/2026\/08\/dsf9920-1280x960-1-16x12.jpg 16w, https:\/\/luxuryhomefloripa.com.br\/wp-content\/uploads\/2026\/08\/dsf9920-1280x960-1.jpg 1280w\" \/><\/a><\/figure>\n\n\n\n<div style=\"height:50px\" aria-hidden=\"true\" class=\"wp-block-spacer\"><\/div>\n\n\n\n<p class=\"wp-block-paragraph\">No segundo dia, <strong>Solano Ben\u00edtez<\/strong>, arquiteto e fundador do Jop\u00f3i de Arquitectura, apresenta \u201cO Lugar da Arquitetura\u201d.<\/p>\n\n\n\n<div style=\"height:50px\" aria-hidden=\"true\" class=\"wp-block-spacer\"><\/div>\n\n\n\n<figure class=\"wp-block-image size-large\"><a href=\"https:\/\/luxuryhomefloripa.com.br\/wp-content\/uploads\/2026\/08\/image-9.png\"><img loading=\"lazy\" decoding=\"async\" width=\"1024\" height=\"659\" sizes=\"(max-width: 1024px) 100vw, 1024px\" src=\"https:\/\/luxuryhomefloripa.com.br\/wp-content\/uploads\/2026\/08\/image-9-1024x659.png\" alt=\"\" class=\"wp-image-83487\" srcset=\"https:\/\/luxuryhomefloripa.com.br\/wp-content\/uploads\/2026\/08\/image-9-1024x659.png 1024w, https:\/\/luxuryhomefloripa.com.br\/wp-content\/uploads\/2026\/08\/image-9-600x386.png 600w, https:\/\/luxuryhomefloripa.com.br\/wp-content\/uploads\/2026\/08\/image-9-768x494.png 768w, https:\/\/luxuryhomefloripa.com.br\/wp-content\/uploads\/2026\/08\/image-9-18x12.png 18w, https:\/\/luxuryhomefloripa.com.br\/wp-content\/uploads\/2026\/08\/image-9-1536x988.png 1536w, https:\/\/luxuryhomefloripa.com.br\/wp-content\/uploads\/2026\/08\/image-9.png 1554w\" \/><\/a><\/figure>\n\n\n\n<div style=\"height:50px\" aria-hidden=\"true\" class=\"wp-block-spacer\"><\/div>\n\n\n\n<p class=\"wp-block-paragraph\"><strong>Pat Bosch<\/strong>, diretora de design e principal na Perkins&amp;Will, leva ao evento \u201cUm Haicai, um Poema e um Enigma\u201d.<\/p>\n\n\n\n<div style=\"height:50px\" aria-hidden=\"true\" class=\"wp-block-spacer\"><\/div>\n\n\n\n<figure class=\"wp-block-image size-large\"><a href=\"https:\/\/luxuryhomefloripa.com.br\/wp-content\/uploads\/2026\/08\/image-10.png\"><img loading=\"lazy\" decoding=\"async\" width=\"718\" height=\"1024\" sizes=\"(max-width: 718px) 100vw, 718px\" src=\"https:\/\/luxuryhomefloripa.com.br\/wp-content\/uploads\/2026\/08\/image-10-718x1024.png\" alt=\"\" class=\"wp-image-83488\" srcset=\"https:\/\/luxuryhomefloripa.com.br\/wp-content\/uploads\/2026\/08\/image-10-718x1024.png 718w, https:\/\/luxuryhomefloripa.com.br\/wp-content\/uploads\/2026\/08\/image-10-421x600.png 421w, https:\/\/luxuryhomefloripa.com.br\/wp-content\/uploads\/2026\/08\/image-10-8x12.png 8w, https:\/\/luxuryhomefloripa.com.br\/wp-content\/uploads\/2026\/08\/image-10.png 750w\" \/><\/a><\/figure>\n\n\n\n<div style=\"height:50px\" aria-hidden=\"true\" class=\"wp-block-spacer\"><\/div>\n\n\n\n<p class=\"wp-block-paragraph\">A programa\u00e7\u00e3o recebe ainda <strong>Kofi Bio<\/strong>, diretor executivo do escrit\u00f3rio Adjaye Associates Accra, com \u201cNosso Material Mais Abundante: Construindo para um Planeta em Transforma\u00e7\u00e3o\u201d.<\/p>\n\n\n\n<div style=\"height:50px\" aria-hidden=\"true\" class=\"wp-block-spacer\"><\/div>\n\n\n\n<figure class=\"wp-block-gallery has-nested-images columns-2 is-cropped wp-block-gallery-2 is-layout-flex wp-block-gallery-is-layout-flex\">\n<figure class=\"wp-block-image size-full\"><a href=\"https:\/\/luxuryhomefloripa.com.br\/wp-content\/uploads\/2026\/08\/SaveClip.App_731365701_18596674774014821_7470434207829640144_n.jpg\"><img loading=\"lazy\" decoding=\"async\" width=\"1080\" height=\"1440\" sizes=\"(max-width: 1080px) 100vw, 1080px\" data-id=\"83492\" src=\"https:\/\/luxuryhomefloripa.com.br\/wp-content\/uploads\/2026\/08\/SaveClip.App_731365701_18596674774014821_7470434207829640144_n.jpg\" alt=\"\" class=\"wp-image-83492\"\/><\/a><\/figure>\n\n\n\n<figure class=\"wp-block-image size-full\"><a href=\"https:\/\/luxuryhomefloripa.com.br\/wp-content\/uploads\/2026\/08\/SaveClip.App_728861540_18596674804014821_7863641132145897366_n.jpg\"><img loading=\"lazy\" decoding=\"async\" width=\"1080\" height=\"1440\" sizes=\"(max-width: 1080px) 100vw, 1080px\" data-id=\"83491\" src=\"https:\/\/luxuryhomefloripa.com.br\/wp-content\/uploads\/2026\/08\/SaveClip.App_728861540_18596674804014821_7863641132145897366_n.jpg\" alt=\"\" class=\"wp-image-83491\"\/><\/a><\/figure>\n\n\n\n<figure class=\"wp-block-image size-full\"><a href=\"https:\/\/luxuryhomefloripa.com.br\/wp-content\/uploads\/2026\/08\/SaveClip.App_731397104_18596674831014821_2325423855889177058_n.jpg\"><img loading=\"lazy\" decoding=\"async\" width=\"1080\" height=\"1440\" sizes=\"(max-width: 1080px) 100vw, 1080px\" data-id=\"83489\" src=\"https:\/\/luxuryhomefloripa.com.br\/wp-content\/uploads\/2026\/08\/SaveClip.App_731397104_18596674831014821_2325423855889177058_n.jpg\" alt=\"\" class=\"wp-image-83489\" srcset=\"https:\/\/luxuryhomefloripa.com.br\/wp-content\/uploads\/2026\/08\/SaveClip.App_731397104_18596674831014821_2325423855889177058_n.jpg 1080w, https:\/\/luxuryhomefloripa.com.br\/wp-content\/uploads\/2026\/08\/SaveClip.App_731397104_18596674831014821_2325423855889177058_n-450x600.jpg 450w, https:\/\/luxuryhomefloripa.com.br\/wp-content\/uploads\/2026\/08\/SaveClip.App_731397104_18596674831014821_2325423855889177058_n-768x1024-1.jpg 768w, https:\/\/luxuryhomefloripa.com.br\/wp-content\/uploads\/2026\/08\/SaveClip.App_731397104_18596674831014821_2325423855889177058_n-9x12.jpg 9w\" \/><\/a><\/figure>\n\n\n\n<figure class=\"wp-block-image size-full\"><a href=\"https:\/\/luxuryhomefloripa.com.br\/wp-content\/uploads\/2026\/08\/SaveClip.App_731146899_18596674840014821_9038287405063720292_n.jpg\"><img loading=\"lazy\" decoding=\"async\" width=\"1080\" height=\"1440\" sizes=\"(max-width: 1080px) 100vw, 1080px\" data-id=\"83490\" src=\"https:\/\/luxuryhomefloripa.com.br\/wp-content\/uploads\/2026\/08\/SaveClip.App_731146899_18596674840014821_9038287405063720292_n.jpg\" alt=\"\" class=\"wp-image-83490\" srcset=\"https:\/\/luxuryhomefloripa.com.br\/wp-content\/uploads\/2026\/08\/SaveClip.App_731146899_18596674840014821_9038287405063720292_n.jpg 1080w, https:\/\/luxuryhomefloripa.com.br\/wp-content\/uploads\/2026\/08\/SaveClip.App_731146899_18596674840014821_9038287405063720292_n-450x600.jpg 450w, https:\/\/luxuryhomefloripa.com.br\/wp-content\/uploads\/2026\/08\/SaveClip.App_731146899_18596674840014821_9038287405063720292_n-768x1024-1.jpg 768w, https:\/\/luxuryhomefloripa.com.br\/wp-content\/uploads\/2026\/08\/SaveClip.App_731146899_18596674840014821_9038287405063720292_n-9x12.jpg 9w\" \/><\/a><\/figure>\n<\/figure>\n\n\n\n<div style=\"height:50px\" aria-hidden=\"true\" class=\"wp-block-spacer\"><\/div>\n\n\n\n<p class=\"wp-block-paragraph\">O encerramento fica com <strong>Kai-Uwe Bergmann<\/strong>, s\u00f3cio da BIG, Bjarke Ingels Group, que apresenta \u201cMaterialismo\u201d.<\/p>\n\n\n\n<div style=\"height:50px\" aria-hidden=\"true\" class=\"wp-block-spacer\"><\/div>\n\n\n\n<figure class=\"wp-block-image size-large\"><a href=\"https:\/\/luxuryhomefloripa.com.br\/wp-content\/uploads\/2026\/08\/image-12.png\"><img loading=\"lazy\" decoding=\"async\" width=\"1024\" height=\"576\" sizes=\"(max-width: 1024px) 100vw, 1024px\" src=\"https:\/\/luxuryhomefloripa.com.br\/wp-content\/uploads\/2026\/08\/image-12-1024x576.png\" alt=\"\" class=\"wp-image-83494\" srcset=\"https:\/\/luxuryhomefloripa.com.br\/wp-content\/uploads\/2026\/08\/image-12-1024x576.png 1024w, https:\/\/luxuryhomefloripa.com.br\/wp-content\/uploads\/2026\/08\/image-12-600x338.png 600w, https:\/\/luxuryhomefloripa.com.br\/wp-content\/uploads\/2026\/08\/image-12-768x432.png 768w, https:\/\/luxuryhomefloripa.com.br\/wp-content\/uploads\/2026\/08\/image-12-18x10.png 18w, https:\/\/luxuryhomefloripa.com.br\/wp-content\/uploads\/2026\/08\/image-12-1536x864.png 1536w, https:\/\/luxuryhomefloripa.com.br\/wp-content\/uploads\/2026\/08\/image-12.png 1600w\" \/><\/a><\/figure>\n\n\n\n<figure class=\"wp-block-image size-large\"><a href=\"https:\/\/luxuryhomefloripa.com.br\/wp-content\/uploads\/2026\/08\/image-13-scaled-1.png\"><img loading=\"lazy\" decoding=\"async\" width=\"1024\" height=\"768\" sizes=\"(max-width: 1024px) 100vw, 1024px\" src=\"https:\/\/luxuryhomefloripa.com.br\/wp-content\/uploads\/2026\/08\/image-13-1024x768-1.png\" alt=\"\" class=\"wp-image-83495\" srcset=\"https:\/\/luxuryhomefloripa.com.br\/wp-content\/uploads\/2026\/08\/image-13-1024x768-1.png 1024w, https:\/\/luxuryhomefloripa.com.br\/wp-content\/uploads\/2026\/08\/image-13-600x450-1.png 600w, https:\/\/luxuryhomefloripa.com.br\/wp-content\/uploads\/2026\/08\/image-13-768x576-1.png 768w, https:\/\/luxuryhomefloripa.com.br\/wp-content\/uploads\/2026\/08\/image-13-16x12-1.png 16w, https:\/\/luxuryhomefloripa.com.br\/wp-content\/uploads\/2026\/08\/image-13-1536x1152-1.png 1536w, https:\/\/luxuryhomefloripa.com.br\/wp-content\/uploads\/2026\/08\/image-13-2048x1536-1.png 2048w\" \/><\/a><\/figure>\n\n\n\n<figure class=\"wp-block-image size-full\"><a href=\"https:\/\/luxuryhomefloripa.com.br\/wp-content\/uploads\/2026\/08\/image-11.png\"><img loading=\"lazy\" decoding=\"async\" width=\"899\" height=\"899\" sizes=\"(max-width: 899px) 100vw, 899px\" src=\"https:\/\/luxuryhomefloripa.com.br\/wp-content\/uploads\/2026\/08\/image-11.png\" alt=\"\" class=\"wp-image-83493\" srcset=\"https:\/\/luxuryhomefloripa.com.br\/wp-content\/uploads\/2026\/08\/image-11.png 899w, https:\/\/luxuryhomefloripa.com.br\/wp-content\/uploads\/2026\/08\/image-11-150x150.png 150w, https:\/\/luxuryhomefloripa.com.br\/wp-content\/uploads\/2026\/08\/image-11-600x600.png 600w, https:\/\/luxuryhomefloripa.com.br\/wp-content\/uploads\/2026\/08\/image-11-12x12.png 12w, https:\/\/luxuryhomefloripa.com.br\/wp-content\/uploads\/2026\/08\/image-11-768x768.png 768w, https:\/\/luxuryhomefloripa.com.br\/wp-content\/uploads\/2026\/08\/image-11-60x60.png 60w\" \/><\/a><\/figure>\n\n\n\n<div style=\"height:50px\" aria-hidden=\"true\" class=\"wp-block-spacer\"><\/div>\n\n\n\n<p class=\"wp-block-paragraph\">Juntas, essas participa\u00e7\u00f5es colocam diferentes quest\u00f5es em perspectiva. Materiais, cidades, espa\u00e7o p\u00fablico, inova\u00e7\u00e3o, impacto social e experi\u00eancia humana aparecem conectados por uma pergunta maior: como a arquitetura responde \u00e0s transforma\u00e7\u00f5es da vida contempor\u00e2nea?<\/p>\n\n\n\n<div style=\"height:50px\" aria-hidden=\"true\" class=\"wp-block-spacer\"><\/div>\n\n\n\n<h2 id=\"h-arquitetura-brasileira-tambem-ocupa-espaco-central\" class=\"wp-block-heading\">Arquitetura brasileira tamb\u00e9m ocupa espa\u00e7o central<\/h2>\n\n\n\n<p class=\"wp-block-paragraph\">A produ\u00e7\u00e3o brasileira tem presen\u00e7a importante no HIF 2026.<\/p>\n\n\n\n<p class=\"wp-block-paragraph\">No primeiro dia, <strong>Luis Andre Guedes e Pablo do Vale<\/strong>, s\u00f3cios fundadores da Gu\u00e1 Arquitetura, apresentam \u201cDesign e Arquitetura como Impacto Social\u201d.<\/p>\n\n\n\n<p class=\"wp-block-paragraph\">Em seguida, <strong>Manoela Machado e Pedro Lira<\/strong>, s\u00f3cios fundadores do Natureza Urbana, conduzem \u201cEspa\u00e7os Vivos para Futuros Regenerativos\u201d.<\/p>\n\n\n\n<p class=\"wp-block-paragraph\">No dia 30, <strong>Fernando Forte, Louren\u00e7o Gimenes e Rodrigo Marcondes Ferraz<\/strong>, s\u00f3cios fundadores do FGMF Arquitetos, apresentam \u201cContexto, Transi\u00e7\u00e3o e Tect\u00f4nica\u201d.<\/p>\n\n\n\n<p class=\"wp-block-paragraph\">A programa\u00e7\u00e3o tamb\u00e9m re\u00fane <strong>Lu\u00eds Rebelo de Andrade e Tiago Rebelo de Andrade<\/strong>, do Rebelo de Andrade, em uma mesa redonda.<\/p>\n\n\n\n<p class=\"wp-block-paragraph\">Outro encontro coloca em di\u00e1logo institui\u00e7\u00f5es relacionadas a importantes legados brasileiros. Participam <strong>Bruno Sim\u00f5es<\/strong>, curador do Instituto Bardi \/ Casa de Vidro, <strong>Isabela Ono<\/strong>, membra fundadora do conselho e diretora executiva do Instituto Burle Marx, e <strong>Marco Artigas<\/strong>, arquiteto e presidente do Instituto Virg\u00ednia e Vilanova Artigas.<\/p>\n\n\n\n<p class=\"wp-block-paragraph\">A conversa ser\u00e1 mediada por <strong>Ana Paula de Assis<\/strong>, editora da POP-SE e do Decornautas e curadora de Design do Forbes Under 30 Brasil.<\/p>\n\n\n\n<div style=\"height:50px\" aria-hidden=\"true\" class=\"wp-block-spacer\"><\/div>\n\n\n\n<h2 id=\"h-programacao-do-hif-dia-1-em-29-de-setembro\" class=\"wp-block-heading\">Programa\u00e7\u00e3o do HIF: Dia 1 \/ em 29 de setembro<\/h2>\n\n\n\n<p class=\"wp-block-paragraph\">O primeiro dia come\u00e7a \u00e0s 8h, com a abertura. \u00c0s 9h, o evento anuncia os finalistas do Architecture Hunter Awards 2026.<\/p>\n\n\n\n<p class=\"wp-block-paragraph\">Das 10h \u00e0s 11h, Arthur Casas apresenta \u201cEm Primeira Pessoa: Arthur Casas | Pesquisa, Pr\u00e1tica e Inova\u00e7\u00e3o na Arquitetura\u201d.<\/p>\n\n\n\n<p class=\"wp-block-paragraph\">Na sequ\u00eancia, das 11h \u00e0s 12h, Tatiana Bilbao conduz \u201cDa Mesa \u00e0 Cidade\u201d.<\/p>\n\n\n\n<p class=\"wp-block-paragraph\">Depois do almo\u00e7o, a Gu\u00e1 Arquitetura apresenta \u201cDesign e Arquitetura como Impacto Social\u201d, das 14h \u00e0s 15h.<\/p>\n\n\n\n<p class=\"wp-block-paragraph\">Das 15h \u00e0s 16h, o Natureza Urbana apresenta \u201cEspa\u00e7os Vivos para Futuros Regenerativos\u201d.<\/p>\n\n\n\n<p class=\"wp-block-paragraph\">Ap\u00f3s o intervalo, chega um dos momentos de maior interesse para quem acompanha as transforma\u00e7\u00f5es urbanas de Florian\u00f3polis. Das 16h30 \u00e0s 17h30, a Gehl People apresenta \u201cEspa\u00e7o P\u00fablico, Vida P\u00fablica\u201d.<\/p>\n\n\n\n<p class=\"wp-block-paragraph\">Thomas Heatherwick encerra o primeiro dia, das 17h30 \u00e0s 18h30, com \u201cHumanise\u201d.<\/p>\n\n\n\n<div style=\"height:50px\" aria-hidden=\"true\" class=\"wp-block-spacer\"><\/div>\n\n\n\n<h2 id=\"h-programacao-do-hif-dia-02-em-30-de-setembro\" class=\"wp-block-heading\">Programa\u00e7\u00e3o do HIF: Dia 02 \/ em 30 de setembro<\/h2>\n\n\n\n<p class=\"wp-block-paragraph\">O segundo dia come\u00e7a \u00e0s 8h. \u00c0s 9h, Pat Bosch apresenta \u201cUm Haicai, um Poema e um Enigma\u201d.<\/p>\n\n\n\n<p class=\"wp-block-paragraph\">Em seguida, das 10h \u00e0s 11h, Solano Ben\u00edtez conduz \u201cO Lugar da Arquitetura\u201d.<\/p>\n\n\n\n<p class=\"wp-block-paragraph\">Das 11h \u00e0s 12h, Bruno Sim\u00f5es, Isabela Ono e Marco Artigas participam da mesa redonda mediada por Ana Paula de Assis.<\/p>\n\n\n\n<p class=\"wp-block-paragraph\">Depois do almo\u00e7o, Fernando Forte, Louren\u00e7o Gimenes e Rodrigo Marcondes Ferraz apresentam \u201cContexto, Transi\u00e7\u00e3o e Tect\u00f4nica\u201d, das 14h \u00e0s 15h.<\/p>\n\n\n\n<p class=\"wp-block-paragraph\">Na sequ\u00eancia, Lu\u00eds Rebelo de Andrade e Tiago Rebelo de Andrade participam de uma mesa redonda.<\/p>\n\n\n\n<p class=\"wp-block-paragraph\">Ap\u00f3s o intervalo, Kofi Bio apresenta \u201cNosso Material Mais Abundante: Construindo para um Planeta em Transforma\u00e7\u00e3o\u201d, das 16h30 \u00e0s 17h30.<\/p>\n\n\n\n<p class=\"wp-block-paragraph\">Por fim, Kai-Uwe Bergmann encerra o HIF com \u201cMaterialismo\u201d, das 17h30 \u00e0s 18h30.<\/p>\n\n\n\n<div style=\"height:50px\" aria-hidden=\"true\" class=\"wp-block-spacer\"><\/div>\n\n\n\n<h2 id=\"h-experiencias-de-arquitetura-ampliam-a-programacao\" class=\"wp-block-heading\">Experi\u00eancias de arquitetura ampliam a programa\u00e7\u00e3o<\/h2>\n\n\n\n<p class=\"wp-block-paragraph\">O HIF tamb\u00e9m leva parte da experi\u00eancia para outros espa\u00e7os de S\u00e3o Paulo.<\/p>\n\n\n\n<p class=\"wp-block-paragraph\">Antes da abertura oficial, no dia 28 de setembro, a programa\u00e7\u00e3o inclui uma visita \u00e0 Cidade Matarazzo com <strong>Adam Kurdahl<\/strong>, s\u00f3cio fundador da SPOL Architects, al\u00e9m de um <strong>Open Studio MK27<\/strong>. As duas experi\u00eancias est\u00e3o esgotadas.<\/p>\n\n\n\n<p class=\"wp-block-paragraph\">Depois dos dois dias de f\u00f3rum, as atividades continuam.<\/p>\n\n\n\n<p class=\"wp-block-paragraph\">Em 1\u00ba de outubro, haver\u00e1 uma visita \u00e0 <strong>Japan House<\/strong> con <strong>Hayato Fujii<\/strong>, gerente-geral de projetos no Brasil na Kengo Kuma &amp; Associates, e FGMF. Outra edi\u00e7\u00e3o do Open Studio MK27 acontece na mesma data e tamb\u00e9m est\u00e1 esgotada.<\/p>\n\n\n\n<p class=\"wp-block-paragraph\">No dia 2 de outubro, a agenda inclui um open studio e visita a obra com a <strong>Jacobsen Arquitetura<\/strong>, igualmente esgotado, al\u00e9m de uma visita guiada com <strong>Sol Camacho<\/strong> no Alma Mater.<\/p>\n\n\n\n<p class=\"wp-block-paragraph\">Por fim, as experi\u00eancias complementam as palestras ao aproximar os participantes de espa\u00e7os, projetos e escrit\u00f3rios. Assim, diferentes formas de pensar arquitetura podem ser observadas tamb\u00e9m fora do audit\u00f3rio.<\/p>\n\n\n\n<div style=\"height:50px\" aria-hidden=\"true\" class=\"wp-block-spacer\"><\/div>\n\n\n\n<h2 id=\"h-como-acompanhar-o-hif-2026\" class=\"wp-block-heading\">Como acompanhar o HIF 2026<\/h2>\n\n\n\n<p class=\"wp-block-paragraph\">oh <strong>HIF 2026 acontece nos dias 29 e 30 de setembro<\/strong>, no Audit\u00f3rio Simon Bol\u00edvar, no Memorial da Am\u00e9rica Latina, em S\u00e3o Paulo.<\/p>\n\n\n\n<p class=\"wp-block-paragraph\">A programa\u00e7\u00e3o come\u00e7a \u00e0s 8h nos dois dias e segue at\u00e9 as 18h30. Para quem viajar at\u00e9 S\u00e3o Paulo, o Memorial est\u00e1 localizado na Barra Funda e tem conex\u00e3o com metr\u00f4, trem e terminal de \u00f4nibus pela Esta\u00e7\u00e3o Palmeiras-Barra Funda.<\/p>\n\n\n\n<p class=\"wp-block-paragraph\">Quem permanecer em Florian\u00f3polis tamb\u00e9m poder\u00e1 acompanhar o f\u00f3rum. O <strong>Online Access custa R$ 350<\/strong> e oferece transmiss\u00e3o ao vivo das principais palestras e debates.<\/p>\n\n\n\n<p class=\"wp-block-paragraph\">O evento contar\u00e1 ainda com tradu\u00e7\u00e3o simult\u00e2nea em portugu\u00eas e ingl\u00eas para o p\u00fablico presencial e online.<\/p>\n\n\n\n<p class=\"wp-block-paragraph\">Mais informa\u00e7\u00f5es \u2192 <a href=\"https:\/\/hif.architecturehunter.com\/\">https:\/\/hif.architecturehunter.com\/<\/a><\/p>\n\n\n\n<div style=\"height:50px\" aria-hidden=\"true\" class=\"wp-block-spacer\"><\/div>\n\n\n\n<figure class=\"wp-block-gallery has-nested-images columns-2 is-cropped wp-block-gallery-3 is-layout-flex wp-block-gallery-is-layout-flex\">\n<figure class=\"wp-block-image size-large\"><a href=\"https:\/\/luxuryhomefloripa.com.br\/wp-content\/uploads\/2026\/07\/marina-beira-mar-norte-03.jpg\"><img loading=\"lazy\" decoding=\"async\" width=\"1024\" height=\"745\" sizes=\"(max-width: 1024px) 100vw, 1024px\" data-id=\"82277\" src=\"https:\/\/luxuryhomefloripa.com.br\/wp-content\/uploads\/2026\/07\/marina-beira-mar-norte-03-1024x745.jpg\" alt=\"\" class=\"wp-image-82277\" style=\"aspect-ratio:16\/9\" srcset=\"https:\/\/luxuryhomefloripa.com.br\/wp-content\/uploads\/2026\/07\/marina-beira-mar-norte-03-1024x745.jpg 1024w, https:\/\/luxuryhomefloripa.com.br\/wp-content\/uploads\/2026\/07\/marina-beira-mar-norte-03-600x436.jpg 600w, https:\/\/luxuryhomefloripa.com.br\/wp-content\/uploads\/2026\/07\/marina-beira-mar-norte-03-768x559.jpg 768w, https:\/\/luxuryhomefloripa.com.br\/wp-content\/uploads\/2026\/07\/marina-beira-mar-norte-03-1536x1117.jpg 1536w, https:\/\/luxuryhomefloripa.com.br\/wp-content\/uploads\/2026\/07\/marina-beira-mar-norte-03-2048x1490.jpg 2048w, https:\/\/luxuryhomefloripa.com.br\/wp-content\/uploads\/2026\/07\/marina-beira-mar-norte-03-16x12.jpg 16w\" \/><\/a><\/figure>\n\n\n\n<figure class=\"wp-block-image size-large\"><a href=\"https:\/\/luxuryhomefloripa.com.br\/wp-content\/uploads\/2026\/07\/marina-beira-mar-norte-01-scaled.jpg\"><img loading=\"lazy\" decoding=\"async\" width=\"1024\" height=\"550\" sizes=\"(max-width: 1024px) 100vw, 1024px\" data-id=\"82275\" src=\"https:\/\/luxuryhomefloripa.com.br\/wp-content\/uploads\/2026\/07\/marina-beira-mar-norte-01-1024x550.jpg\" alt=\"\" class=\"wp-image-82275\" style=\"aspect-ratio:16\/9\" srcset=\"https:\/\/luxuryhomefloripa.com.br\/wp-content\/uploads\/2026\/07\/marina-beira-mar-norte-01-1024x550.jpg 1024w, https:\/\/luxuryhomefloripa.com.br\/wp-content\/uploads\/2026\/07\/marina-beira-mar-norte-01-600x322.jpg 600w, https:\/\/luxuryhomefloripa.com.br\/wp-content\/uploads\/2026\/07\/marina-beira-mar-norte-01-768x412.jpg 768w, https:\/\/luxuryhomefloripa.com.br\/wp-content\/uploads\/2026\/07\/marina-beira-mar-norte-01-1536x825.jpg 1536w, https:\/\/luxuryhomefloripa.com.br\/wp-content\/uploads\/2026\/07\/marina-beira-mar-norte-01-2048x1100.jpg 2048w, https:\/\/luxuryhomefloripa.com.br\/wp-content\/uploads\/2026\/07\/marina-beira-mar-norte-01-18x10.jpg 18w, https:\/\/luxuryhomefloripa.com.br\/wp-content\/uploads\/2026\/07\/marina-beira-mar-norte-01-scaled.jpg 1920w\" \/><\/a><\/figure>\n<\/figure>\n\n\n\n<div style=\"height:50px\" aria-hidden=\"true\" class=\"wp-block-spacer\"><\/div>\n\n\n\n<h2 id=\"h-do-centro-de-florianopolis-ao-debate-global-sobre-cidades\" class=\"wp-block-heading\">Do Centro de Florian\u00f3polis ao debate global sobre cidades<\/h2>\n\n\n\n<p class=\"wp-block-paragraph\">A participa\u00e7\u00e3o da Gehl no HIF aproxima duas escalas que, \u00e0 primeira vista, parecem distantes. Em S\u00e3o Paulo, um f\u00f3rum internacional discute arquitetura e o futuro das cidades. Em Florian\u00f3polis, uma dessas abordagens j\u00e1 participa do planejamento de uma \u00e1rea essencial para a vida urbana da capital.<\/p>\n\n\n\n<p class=\"wp-block-paragraph\">O masterplan do Centro coloca mobilidade sustent\u00e1vel, resili\u00eancia clim\u00e1tica, espa\u00e7os p\u00fablicos, inf\u00e2ncia, bairros completos e qualidade de vida dentro de uma mesma vis\u00e3o. Dessa maneira, o projeto amplia a discuss\u00e3o sobre desenvolvimento urbano para al\u00e9m de interven\u00e7\u00f5es isoladas.<\/p>\n\n\n\n<p class=\"wp-block-paragraph\">Essa perspectiva tamb\u00e9m interessa a quem acompanha arquitetura e mercado imobili\u00e1rio. A experi\u00eancia de morar come\u00e7a dentro de casa, mas se estende \u00e0 rua, ao bairro e \u00e0 cidade. Caminhabilidade, \u00e1reas de conviv\u00eancia, mobilidade, servi\u00e7os, paisagem e qualidade dos espa\u00e7os p\u00fablicos influenciam a rela\u00e7\u00e3o cotidiana das pessoas com o lugar onde escolheram viver.<\/p>\n\n\n\n<div style=\"height:50px\" aria-hidden=\"true\" class=\"wp-block-spacer\"><\/div>\n\n\n\n<figure class=\"wp-block-gallery has-nested-images columns-2 is-cropped wp-block-gallery-4 is-layout-flex wp-block-gallery-is-layout-flex\">\n<figure class=\"wp-block-image size-large\"><a href=\"https:\/\/luxuryhomefloripa.com.br\/wp-content\/uploads\/2026\/07\/marina-beira-mar-norte-05.jpg\"><img loading=\"lazy\" decoding=\"async\" width=\"1024\" height=\"744\" sizes=\"(max-width: 1024px) 100vw, 1024px\" data-id=\"82279\" src=\"https:\/\/luxuryhomefloripa.com.br\/wp-content\/uploads\/2026\/07\/marina-beira-mar-norte-05-1024x744.jpg\" alt=\"\" class=\"wp-image-82279\" style=\"aspect-ratio:16\/9\" srcset=\"https:\/\/luxuryhomefloripa.com.br\/wp-content\/uploads\/2026\/07\/marina-beira-mar-norte-05-1024x744.jpg 1024w, https:\/\/luxuryhomefloripa.com.br\/wp-content\/uploads\/2026\/07\/marina-beira-mar-norte-05-600x436.jpg 600w, https:\/\/luxuryhomefloripa.com.br\/wp-content\/uploads\/2026\/07\/marina-beira-mar-norte-05-768x558.jpg 768w, https:\/\/luxuryhomefloripa.com.br\/wp-content\/uploads\/2026\/07\/marina-beira-mar-norte-05-1536x1116.jpg 1536w, https:\/\/luxuryhomefloripa.com.br\/wp-content\/uploads\/2026\/07\/marina-beira-mar-norte-05-18x12.jpg 18w, https:\/\/luxuryhomefloripa.com.br\/wp-content\/uploads\/2026\/07\/marina-beira-mar-norte-05.jpg 1827w\" \/><\/a><\/figure>\n\n\n\n<figure class=\"wp-block-image size-large\"><a href=\"https:\/\/luxuryhomefloripa.com.br\/wp-content\/uploads\/2026\/07\/marina-beira-mar-norte-04.jpg\"><img loading=\"lazy\" decoding=\"async\" width=\"1024\" height=\"759\" sizes=\"(max-width: 1024px) 100vw, 1024px\" data-id=\"82278\" src=\"https:\/\/luxuryhomefloripa.com.br\/wp-content\/uploads\/2026\/07\/marina-beira-mar-norte-04-1024x759.jpg\" alt=\"\" class=\"wp-image-82278\" style=\"aspect-ratio:16\/9\" srcset=\"https:\/\/luxuryhomefloripa.com.br\/wp-content\/uploads\/2026\/07\/marina-beira-mar-norte-04-1024x759.jpg 1024w, https:\/\/luxuryhomefloripa.com.br\/wp-content\/uploads\/2026\/07\/marina-beira-mar-norte-04-600x445.jpg 600w, https:\/\/luxuryhomefloripa.com.br\/wp-content\/uploads\/2026\/07\/marina-beira-mar-norte-04-768x569.jpg 768w, https:\/\/luxuryhomefloripa.com.br\/wp-content\/uploads\/2026\/07\/marina-beira-mar-norte-04-1536x1138.jpg 1536w, https:\/\/luxuryhomefloripa.com.br\/wp-content\/uploads\/2026\/07\/marina-beira-mar-norte-04-16x12.jpg 16w, https:\/\/luxuryhomefloripa.com.br\/wp-content\/uploads\/2026\/07\/marina-beira-mar-norte-04.jpg 1997w\" \/><\/a><\/figure>\n\n\n\n<figure class=\"wp-block-image size-large\"><a href=\"https:\/\/luxuryhomefloripa.com.br\/wp-content\/uploads\/2026\/02\/Marina-Beira-Mar-Norte-1.jpg\"><img loading=\"lazy\" decoding=\"async\" width=\"1024\" height=\"576\" sizes=\"(max-width: 1024px) 100vw, 1024px\" data-id=\"77177\" src=\"https:\/\/luxuryhomefloripa.com.br\/wp-content\/uploads\/2026\/02\/Marina-Beira-Mar-Norte-1-1024x576.jpg\" alt=\"\" class=\"wp-image-77177\" style=\"aspect-ratio:16\/9\" srcset=\"https:\/\/luxuryhomefloripa.com.br\/wp-content\/uploads\/2026\/02\/Marina-Beira-Mar-Norte-1-1024x576.jpg 1024w, https:\/\/luxuryhomefloripa.com.br\/wp-content\/uploads\/2026\/02\/Marina-Beira-Mar-Norte-1-600x338.jpg 600w, https:\/\/luxuryhomefloripa.com.br\/wp-content\/uploads\/2026\/02\/Marina-Beira-Mar-Norte-1-768x432.jpg 768w, https:\/\/luxuryhomefloripa.com.br\/wp-content\/uploads\/2026\/02\/Marina-Beira-Mar-Norte-1-18x10.jpg 18w, https:\/\/luxuryhomefloripa.com.br\/wp-content\/uploads\/2026\/02\/Marina-Beira-Mar-Norte-1-805x453.jpg 805w, https:\/\/luxuryhomefloripa.com.br\/wp-content\/uploads\/2026\/02\/Marina-Beira-Mar-Norte-1.jpg 1200w\" \/><\/a><\/figure>\n<\/figure>\n\n\n\n<div style=\"height:50px\" aria-hidden=\"true\" class=\"wp-block-spacer\"><\/div>\n\n\n\n<h3 id=\"h-em-uma-cidade-como-florianopolis\" class=\"wp-block-heading\">Em uma cidade como Florian\u00f3polis&#8230;<\/h3>\n\n\n\n<p class=\"wp-block-paragraph\">Marcada por uma geografia singular e por uma rela\u00e7\u00e3o intensa entre natureza e ocupa\u00e7\u00e3o urbana, pensar crescimento exige aten\u00e7\u00e3o especial a essas conex\u00f5es.<\/p>\n\n\n\n<p class=\"wp-block-paragraph\">O trabalho da Gehl no Centro insere Florian\u00f3polis em uma discuss\u00e3o internacional sobre cidades orientadas \u00e0s pessoas. O HIF permite observar essa abordagem ao lado de outras vis\u00f5es contempor\u00e2neas de arquitetura, apresentadas por profissionais que atuam em diferentes pa\u00edses, culturas e escalas.<\/p>\n\n\n\n<p class=\"wp-block-paragraph\">Por isso, a presen\u00e7a da Gehl no f\u00f3rum vai al\u00e9m de uma coincid\u00eancia na programa\u00e7\u00e3o. Enquanto Rute Nieto Ferreira discute \u201cEspa\u00e7o P\u00fablico, Vida P\u00fablica\u201d no palco do Memorial da Am\u00e9rica Latina, Florian\u00f3polis j\u00e1 come\u00e7a a transformar esses conceitos em planejamento urbano.<\/p>\n\n\n\n<p class=\"wp-block-paragraph\">\u00c9 justamente nesse encontro entre repert\u00f3rio global e realidade local que o HIF 2026 ganha relev\u00e2ncia para quem acompanha o presente e, sobretudo, o futuro da arquitetura em Florian\u00f3polis.<\/p>","protected":false},"excerpt":{"rendered":"<p>O HIF &#8211; Hunter International Forum, re\u00fane em S\u00e3o Paulo, nos dias 29 e 30 de setembro de 2026, alguns dos principais nomes da arquitetura mundial. Entre Thomas Heatherwick, Tatiana Bilbao, Arthur Casas, Kai-Uwe Bergmann e Solano Ben\u00edtez est\u00e1 a Gehl People, escrit\u00f3rio internacional que hoje participa de uma discuss\u00e3o especialmente pr\u00f3xima de Florian\u00f3polis: o futuro dos espa\u00e7os p\u00fablicos do Centro da cidade.<\/p>","protected":false},"author":10,"featured_media":83497,"comment_status":"closed","ping_status":"closed","sticky":false,"template":"","format":"standard","meta":{"footnotes":""},"categories":[325,1,186,323],"tags":[278,498,501,500,276,499],"class_list":["post-83474","post","type-post","status-publish","format-standard","has-post-thumbnail","hentry","category-arquitetura","category-artigos","category-floripa","category-futuro","tag-arquitetura","tag-design","tag-gehl-people","tag-hif-2026","tag-sao-paulo","tag-urbanismo"],"yoast_head":"<!-- This site is optimized with the Yoast SEO Premium plugin v27.5 (Yoast SEO v28.3) - https:\/\/yoast.com\/product\/yoast-seo-premium-wordpress\/ -->\n<title>CASACOR \/ HIF 2026 re\u00fane arquitetura global em S\u00e3o Paulo<\/title>\n<meta name=\"description\" content=\"HIF (Hunter International Forum) re\u00fane grandes nomes da arquitetura mundial em S\u00e3o Paulo nos dias 29 e 30 de setembro de 2026.\" \/>\n<meta name=\"robots\" content=\"index, follow, max-snippet:-1, max-image-preview:large, max-video-preview:-1\" \/>\n<link rel=\"canonical\" href=\"https:\/\/luxuryhomefloripa.com.br\/es\/casacor-hif-2026-reune-arquitetura-global-em-sao-paulo\/\" \/>\n<meta property=\"og:locale\" content=\"es_ES\" \/>\n<meta property=\"og:type\" content=\"article\" \/>\n<meta property=\"og:title\" content=\"CASACOR \/ HIF 2026 re\u00fane arquitetura global em S\u00e3o Paulo\" \/>\n<meta property=\"og:description\" content=\"Imobili\u00e1ria com Im\u00f3veis \u00e0 venda em Florian\u00f3polis. Apartamentos, Casas, Coberturas, Terrenos e Lan\u00e7amentos Imobili\u00e1rios.\" \/>\n<meta property=\"og:url\" content=\"https:\/\/luxuryhomefloripa.com.br\/es\/casacor-hif-2026-reune-arquitetura-global-em-sao-paulo\/\" \/>\n<meta property=\"og:site_name\" content=\"Luxury Home Floripa\" \/>\n<meta property=\"article:publisher\" content=\"https:\/\/www.facebook.com\/luxuryhomefloripa\" \/>\n<meta property=\"article:published_time\" content=\"2026-08-31T12:54:10+00:00\" \/>\n<meta property=\"article:modified_time\" content=\"2026-08-31T12:57:19+00:00\" \/>\n<meta property=\"og:image\" content=\"https:\/\/luxuryhomefloripa.com.br\/wp-content\/uploads\/2026\/08\/memorial-da-america-latina-1024x819.png\" \/>\n\t<meta property=\"og:image:width\" content=\"1024\" \/>\n\t<meta property=\"og:image:height\" content=\"819\" \/>\n\t<meta property=\"og:image:type\" content=\"image\/png\" \/>\n<meta name=\"author\" content=\"Day Rocco\" \/>\n<meta name=\"twitter:card\" content=\"summary_large_image\" \/>\n<meta name=\"twitter:label1\" content=\"Escrito por\" \/>\n\t<meta name=\"twitter:data1\" content=\"Day Rocco\" \/>\n\t<meta name=\"twitter:label2\" content=\"Tiempo de lectura\" \/>\n\t<meta name=\"twitter:data2\" content=\"17 minutos\" \/>\n<script type=\"application\/ld+json\" class=\"yoast-schema-graph\">{\"@context\":\"https:\\\/\\\/schema.org\",\"@graph\":[{\"@type\":[\"Article\",\"BlogPosting\"],\"@id\":\"https:\\\/\\\/luxuryhomefloripa.com.br\\\/casacor-hif-2026-reune-arquitetura-global-em-sao-paulo\\\/#article\",\"isPartOf\":{\"@id\":\"https:\\\/\\\/luxuryhomefloripa.com.br\\\/casacor-hif-2026-reune-arquitetura-global-em-sao-paulo\\\/\"},\"author\":{\"name\":\"Day Rocco\",\"@id\":\"https:\\\/\\\/luxuryhomefloripa.com.br\\\/#\\\/schema\\\/person\\\/a60113ff81d1c0dd057e6ea02b4067b4\"},\"headline\":\"CASACOR \\\/ HIF 2026 re\u00fane arquitetura global em S\u00e3o Paulo\",\"datePublished\":\"2026-08-31T12:54:10+00:00\",\"dateModified\":\"2026-08-31T12:57:19+00:00\",\"mainEntityOfPage\":{\"@id\":\"https:\\\/\\\/luxuryhomefloripa.com.br\\\/casacor-hif-2026-reune-arquitetura-global-em-sao-paulo\\\/\"},\"wordCount\":2276,\"publisher\":{\"@id\":\"https:\\\/\\\/luxuryhomefloripa.com.br\\\/#organization\"},\"image\":{\"@id\":\"https:\\\/\\\/luxuryhomefloripa.com.br\\\/casacor-hif-2026-reune-arquitetura-global-em-sao-paulo\\\/#primaryimage\"},\"thumbnailUrl\":\"https:\\\/\\\/luxuryhomefloripa.com.br\\\/wp-content\\\/uploads\\\/2026\\\/08\\\/memorial-da-america-latina.png\",\"keywords\":[\"arquitetura\",\"design\",\"Gehl People\",\"HIF 2026\",\"s\u00e3o paulo\",\"urbanismo\"],\"articleSection\":[\"Arquitetura\",\"Artigos\",\"Floripa\",\"Futuro\"],\"inLanguage\":\"es\"},{\"@type\":\"WebPage\",\"@id\":\"https:\\\/\\\/luxuryhomefloripa.com.br\\\/casacor-hif-2026-reune-arquitetura-global-em-sao-paulo\\\/\",\"url\":\"https:\\\/\\\/luxuryhomefloripa.com.br\\\/casacor-hif-2026-reune-arquitetura-global-em-sao-paulo\\\/\",\"name\":\"CASACOR \\\/ HIF 2026 re\u00fane arquitetura global em S\u00e3o Paulo\",\"isPartOf\":{\"@id\":\"https:\\\/\\\/luxuryhomefloripa.com.br\\\/#website\"},\"primaryImageOfPage\":{\"@id\":\"https:\\\/\\\/luxuryhomefloripa.com.br\\\/casacor-hif-2026-reune-arquitetura-global-em-sao-paulo\\\/#primaryimage\"},\"image\":{\"@id\":\"https:\\\/\\\/luxuryhomefloripa.com.br\\\/casacor-hif-2026-reune-arquitetura-global-em-sao-paulo\\\/#primaryimage\"},\"thumbnailUrl\":\"https:\\\/\\\/luxuryhomefloripa.com.br\\\/wp-content\\\/uploads\\\/2026\\\/08\\\/memorial-da-america-latina.png\",\"datePublished\":\"2026-08-31T12:54:10+00:00\",\"dateModified\":\"2026-08-31T12:57:19+00:00\",\"description\":\"HIF (Hunter International Forum) re\u00fane grandes nomes da arquitetura mundial em S\u00e3o Paulo nos dias 29 e 30 de setembro de 2026.\",\"breadcrumb\":{\"@id\":\"https:\\\/\\\/luxuryhomefloripa.com.br\\\/casacor-hif-2026-reune-arquitetura-global-em-sao-paulo\\\/#breadcrumb\"},\"inLanguage\":\"es\",\"potentialAction\":[{\"@type\":\"ReadAction\",\"target\":[\"https:\\\/\\\/luxuryhomefloripa.com.br\\\/casacor-hif-2026-reune-arquitetura-global-em-sao-paulo\\\/\"]}]},{\"@type\":\"ImageObject\",\"inLanguage\":\"es\",\"@id\":\"https:\\\/\\\/luxuryhomefloripa.com.br\\\/casacor-hif-2026-reune-arquitetura-global-em-sao-paulo\\\/#primaryimage\",\"url\":\"https:\\\/\\\/luxuryhomefloripa.com.br\\\/wp-content\\\/uploads\\\/2026\\\/08\\\/memorial-da-america-latina.png\",\"contentUrl\":\"https:\\\/\\\/luxuryhomefloripa.com.br\\\/wp-content\\\/uploads\\\/2026\\\/08\\\/memorial-da-america-latina.png\",\"width\":1402,\"height\":1122,\"caption\":\"CASACOR \\\/ HIF 2026 re\u00fane arquitetura global em S\u00e3o Paulo\"},{\"@type\":\"BreadcrumbList\",\"@id\":\"https:\\\/\\\/luxuryhomefloripa.com.br\\\/casacor-hif-2026-reune-arquitetura-global-em-sao-paulo\\\/#breadcrumb\",\"itemListElement\":[{\"@type\":\"ListItem\",\"position\":1,\"name\":\"In\u00edcio\",\"item\":\"https:\\\/\\\/luxuryhomefloripa.com.br\\\/\"},{\"@type\":\"ListItem\",\"position\":2,\"name\":\"CASACOR \\\/ HIF 2026 re\u00fane arquitetura global em S\u00e3o Paulo\"}]},{\"@type\":\"WebSite\",\"@id\":\"https:\\\/\\\/luxuryhomefloripa.com.br\\\/#website\",\"url\":\"https:\\\/\\\/luxuryhomefloripa.com.br\\\/\",\"name\":\"Luxury Home Floripa - Imobili\u00e1ria com Im\u00f3veis \u00e0 venda em Florian\u00f3polis\",\"description\":\"Imobili\u00e1ria em Jurer\u00ea com Im\u00f3veis \u00e0 venda em Florian\u00f3polis. Apartamentos, casas, coberturas, terrenos e lan\u00e7amentos imobili\u00e1rios\",\"publisher\":{\"@id\":\"https:\\\/\\\/luxuryhomefloripa.com.br\\\/#organization\"},\"alternateName\":\"Luxury Home Floripa\",\"potentialAction\":[{\"@type\":\"SearchAction\",\"target\":{\"@type\":\"EntryPoint\",\"urlTemplate\":\"https:\\\/\\\/luxuryhomefloripa.com.br\\\/?s={search_term_string}\"},\"query-input\":{\"@type\":\"PropertyValueSpecification\",\"valueRequired\":true,\"valueName\":\"search_term_string\"}}],\"inLanguage\":\"es\"},{\"@type\":[\"Organization\",\"Place\",\"RealEstateAgent\"],\"@id\":\"https:\\\/\\\/luxuryhomefloripa.com.br\\\/es\\\/#organization\",\"name\":\"Luxury Home Floripa\",\"alternateName\":\"Luxury Home Floripa - Imobili\u00e1ria em Jurer\u00ea\",\"url\":\"https:\\\/\\\/luxuryhomefloripa.com.br\\\/es\\\/\",\"logo\":{\"@type\":\"ImageObject\",\"@id\":\"https:\\\/\\\/luxuryhomefloripa.com.br\\\/es\\\/#\\\/schema\\\/logo\\\/image\\\/\",\"inLanguage\":\"pt-BR\",\"url\":\"https:\\\/\\\/luxuryhomefloripa.com.br\\\/wp-content\\\/uploads\\\/2025\\\/11\\\/luxury-home-floripa.png\",\"contentUrl\":\"https:\\\/\\\/luxuryhomefloripa.com.br\\\/wp-content\\\/uploads\\\/2025\\\/11\\\/luxury-home-floripa.png\",\"width\":1200,\"height\":675,\"caption\":\"Luxury Home Floripa - Imobili\u00e1ria com im\u00f3veis \u00e0 venda em Florian\u00f3polis\"},\"image\":{\"@id\":\"https:\\\/\\\/luxuryhomefloripa.com.br\\\/es\\\/#\\\/schema\\\/logo\\\/image\\\/\"},\"sameAs\":[\"https:\\\/\\\/www.instagram.com\\\/luxuryhomefloripa\\\/\",\"https:\\\/\\\/maps.app.goo.gl\\\/ymFbE67htB8wpMeU9\",\"https:\\\/\\\/www.facebook.com\\\/luxuryhomefloripa\",\"https:\\\/\\\/www.linkedin.com\\\/in\\\/luxuryhomefloripa\\\/\",\"https:\\\/\\\/www.pinterest.com\\\/luxuryhomefloripa\\\/\",\"https:\\\/\\\/www.youtube.com\\\/@LuxuryHomeFloripa\",\"https:\\\/\\\/x.com\\\/luxuryhomefln\"],\"description\":\"Imobili\u00e1ria com im\u00f3veis \u00e0 venda em Florian\u00f3polis. Atendimento premium, bil\u00edngue e personalizado. Mais de R$ 320 milh\u00f5es em vendas em cinco anos. Curadoria exclusiva de apartamentos, casas, coberturas e lan\u00e7amentos imobili\u00e1rios na Ilha de Florian\u00f3polis.\",\"email\":\"dayrocco@luxuryhomefloripa.com.br\",\"telephone\":\"+5548996606799\",\"legalName\":\"LUXURY HOME FLORIPA\",\"foundingDate\":\"2021-01-23\",\"vatID\":\"57.909.495\\\/0001-93\",\"numberOfEmployees\":{\"@type\":\"QuantitativeValue\",\"minValue\":11,\"maxValue\":50},\"priceRange\":\"$$$\",\"hasMap\":\"https:\\\/\\\/maps.app.goo.gl\\\/ymFbE67htB8wpMeU9\",\"currenciesAccepted\":\"BRL\",\"paymentAccepted\":\"Transfer\u00eancia banc\u00e1ria, PIX, Financiamento\",\"areaServed\":{\"@type\":\"City\",\"name\":\"Florian\u00f3polis\"},\"address\":{\"@type\":\"PostalAddress\",\"streetAddress\":\"R. Prof. Heinz Braunsperger, 88 - Loja 3 - Jurer\u00ea Internacional\",\"addressLocality\":\"Florian\u00f3polis\",\"addressRegion\":\"Santa Catarina\",\"postalCode\":\"88053-680\",\"addressCountry\":\"BR\"},\"geo\":{\"@type\":\"GeoCoordinates\",\"latitude\":-27.4386881,\"longitude\":-48.4831842},\"openingHoursSpecification\":{\"@type\":\"OpeningHoursSpecification\",\"dayOfWeek\":[\"https:\\\/\\\/schema.org\\\/Monday\",\"https:\\\/\\\/schema.org\\\/Tuesday\",\"https:\\\/\\\/schema.org\\\/Wednesday\",\"https:\\\/\\\/schema.org\\\/Thursday\",\"https:\\\/\\\/schema.org\\\/Friday\",\"https:\\\/\\\/schema.org\\\/Saturday\",\"https:\\\/\\\/schema.org\\\/Sunday\"],\"opens\":\"00:00\",\"closes\":\"23:59\"},\"aggregateRating\":{\"@type\":\"AggregateRating\",\"ratingValue\":\"5.0\",\"reviewCount\":\"25\",\"bestRating\":\"5\",\"worstRating\":\"1\"},\"identifier\":{\"@type\":\"PropertyValue\",\"name\":\"CRECI\",\"value\":\"11161\"},\"founder\":{\"@id\":\"https:\\\/\\\/luxuryhomefloripa.com.br\\\/es\\\/#agent-day-rocco\"},\"employee\":{\"@id\":\"https:\\\/\\\/luxuryhomefloripa.com.br\\\/es\\\/#agent-day-rocco\"}},{\"@type\":\"Person\",\"@id\":\"https:\\\/\\\/luxuryhomefloripa.com.br\\\/#\\\/schema\\\/person\\\/a60113ff81d1c0dd057e6ea02b4067b4\",\"name\":\"Day Rocco\",\"image\":{\"@type\":\"ImageObject\",\"inLanguage\":\"es\",\"@id\":\"https:\\\/\\\/luxuryhomefloripa.com.br\\\/wp-content\\\/litespeed\\\/avatar\\\/ec12d140de6d82c9af0be44e054543fe.jpg?ver=1787745060\",\"url\":\"https:\\\/\\\/luxuryhomefloripa.com.br\\\/wp-content\\\/litespeed\\\/avatar\\\/ec12d140de6d82c9af0be44e054543fe.jpg?ver=1787745060\",\"contentUrl\":\"https:\\\/\\\/luxuryhomefloripa.com.br\\\/wp-content\\\/litespeed\\\/avatar\\\/ec12d140de6d82c9af0be44e054543fe.jpg?ver=1787745060\",\"caption\":\"Day Rocco\"},\"description\":\"Sou especialista em im\u00f3veis de luxo, alto padr\u00e3o e investimentos imobili\u00e1rios no Sul do Brasil. Reconhecida pelo atendimento premium e bil\u00edngue, acompanho cada cliente desde a primeira busca at\u00e9 a entrega das chaves, conectando compradores e investidores aos empreendimentos mais exclusivos da ilha, de Jurer\u00ea Internacional ao Campeche, passando por Cacup\u00e9, Jo\u00e3o Paulo e Praia Brava. Fundadora da Luxury Home Floripa, acumulo mais de R$ 320 milh\u00f5es em vendas ao longo de cinco anos de atua\u00e7\u00e3o no mercado imobili\u00e1rio de alta renda. Aqui compartilho an\u00e1lises sobre o mercado de luxo em Florian\u00f3polis, lan\u00e7amentos de alto padr\u00e3o, tend\u00eancias de valoriza\u00e7\u00e3o e tudo o que um comprador exigente precisa saber antes de tomar uma decis\u00e3o patrimonial relevante. Tamb\u00e9m compartilho insights e novidades sobre o estilo de vida que cerca esse universo: mundo n\u00e1utico, gastronomia, eventos, esportes e tudo o que conecta Florian\u00f3polis ao mundo do alto padr\u00e3o.\",\"sameAs\":[\"https:\\\/\\\/luxuryhomefloripa.com.br\\\/\"],\"gender\":\"feminino\",\"knowsAbout\":[\"Im\u00f3veis de Luxo e Alto Padr\u00e3o\"],\"knowsLanguage\":[\"Portug\u00eas\",\"Ingl\u00eas\",\"Espanhol\"],\"jobTitle\":\"Diretora de Relacionamento e Marketing\",\"worksFor\":\"Luxury Home Floripa\"}]}<\/script>\n<!-- \/ Yoast SEO Premium plugin. -->","yoast_head_json":{"title":"CASACOR \/ HIF 2026 re\u00fane arquitetura global em S\u00e3o Paulo","description":"HIF (Hunter International Forum) re\u00fane grandes nomes da arquitetura mundial em S\u00e3o Paulo nos dias 29 e 30 de setembro de 2026.","robots":{"index":"index","follow":"follow","max-snippet":"max-snippet:-1","max-image-preview":"max-image-preview:large","max-video-preview":"max-video-preview:-1"},"canonical":"https:\/\/luxuryhomefloripa.com.br\/es\/casacor-hif-2026-reune-arquitetura-global-em-sao-paulo\/","og_locale":"es_ES","og_type":"article","og_title":"CASACOR \/ HIF 2026 re\u00fane arquitetura global em S\u00e3o Paulo","og_description":"Imobili\u00e1ria com Im\u00f3veis \u00e0 venda em Florian\u00f3polis. Apartamentos, Casas, Coberturas, Terrenos e Lan\u00e7amentos Imobili\u00e1rios.","og_url":"https:\/\/luxuryhomefloripa.com.br\/es\/casacor-hif-2026-reune-arquitetura-global-em-sao-paulo\/","og_site_name":"Luxury Home Floripa","article_publisher":"https:\/\/www.facebook.com\/luxuryhomefloripa","article_published_time":"2026-08-31T12:54:10+00:00","article_modified_time":"2026-08-31T12:57:19+00:00","og_image":[{"width":1024,"height":819,"url":"https:\/\/luxuryhomefloripa.com.br\/wp-content\/uploads\/2026\/08\/memorial-da-america-latina-1024x819.png","type":"image\/png"}],"author":"Day Rocco","twitter_card":"summary_large_image","twitter_misc":{"Escrito por":"Day Rocco","Tiempo de lectura":"17 minutos"},"schema":{"@context":"https:\/\/schema.org","@graph":[{"@type":["Article","BlogPosting"],"@id":"https:\/\/luxuryhomefloripa.com.br\/casacor-hif-2026-reune-arquitetura-global-em-sao-paulo\/#article","isPartOf":{"@id":"https:\/\/luxuryhomefloripa.com.br\/casacor-hif-2026-reune-arquitetura-global-em-sao-paulo\/"},"author":{"name":"Day Rocco","@id":"https:\/\/luxuryhomefloripa.com.br\/#\/schema\/person\/a60113ff81d1c0dd057e6ea02b4067b4"},"headline":"CASACOR \/ HIF 2026 re\u00fane arquitetura global em S\u00e3o Paulo","datePublished":"2026-08-31T12:54:10+00:00","dateModified":"2026-08-31T12:57:19+00:00","mainEntityOfPage":{"@id":"https:\/\/luxuryhomefloripa.com.br\/casacor-hif-2026-reune-arquitetura-global-em-sao-paulo\/"},"wordCount":2276,"publisher":{"@id":"https:\/\/luxuryhomefloripa.com.br\/#organization"},"image":{"@id":"https:\/\/luxuryhomefloripa.com.br\/casacor-hif-2026-reune-arquitetura-global-em-sao-paulo\/#primaryimage"},"thumbnailUrl":"https:\/\/luxuryhomefloripa.com.br\/wp-content\/uploads\/2026\/08\/memorial-da-america-latina.png","keywords":["arquitetura","design","Gehl People","HIF 2026","s\u00e3o paulo","urbanismo"],"articleSection":["Arquitetura","Artigos","Floripa","Futuro"],"inLanguage":"es"},{"@type":"WebPage","@id":"https:\/\/luxuryhomefloripa.com.br\/casacor-hif-2026-reune-arquitetura-global-em-sao-paulo\/","url":"https:\/\/luxuryhomefloripa.com.br\/casacor-hif-2026-reune-arquitetura-global-em-sao-paulo\/","name":"CASACOR \/ HIF 2026 re\u00fane arquitetura global em S\u00e3o Paulo","isPartOf":{"@id":"https:\/\/luxuryhomefloripa.com.br\/#website"},"primaryImageOfPage":{"@id":"https:\/\/luxuryhomefloripa.com.br\/casacor-hif-2026-reune-arquitetura-global-em-sao-paulo\/#primaryimage"},"image":{"@id":"https:\/\/luxuryhomefloripa.com.br\/casacor-hif-2026-reune-arquitetura-global-em-sao-paulo\/#primaryimage"},"thumbnailUrl":"https:\/\/luxuryhomefloripa.com.br\/wp-content\/uploads\/2026\/08\/memorial-da-america-latina.png","datePublished":"2026-08-31T12:54:10+00:00","dateModified":"2026-08-31T12:57:19+00:00","description":"HIF (Hunter International Forum) re\u00fane grandes nomes da arquitetura mundial em S\u00e3o Paulo nos dias 29 e 30 de setembro de 2026.","breadcrumb":{"@id":"https:\/\/luxuryhomefloripa.com.br\/casacor-hif-2026-reune-arquitetura-global-em-sao-paulo\/#breadcrumb"},"inLanguage":"es","potentialAction":[{"@type":"ReadAction","target":["https:\/\/luxuryhomefloripa.com.br\/casacor-hif-2026-reune-arquitetura-global-em-sao-paulo\/"]}]},{"@type":"ImageObject","inLanguage":"es","@id":"https:\/\/luxuryhomefloripa.com.br\/casacor-hif-2026-reune-arquitetura-global-em-sao-paulo\/#primaryimage","url":"https:\/\/luxuryhomefloripa.com.br\/wp-content\/uploads\/2026\/08\/memorial-da-america-latina.png","contentUrl":"https:\/\/luxuryhomefloripa.com.br\/wp-content\/uploads\/2026\/08\/memorial-da-america-latina.png","width":1402,"height":1122,"caption":"CASACOR \/ HIF 2026 re\u00fane arquitetura global em S\u00e3o Paulo"},{"@type":"BreadcrumbList","@id":"https:\/\/luxuryhomefloripa.com.br\/casacor-hif-2026-reune-arquitetura-global-em-sao-paulo\/#breadcrumb","itemListElement":[{"@type":"ListItem","position":1,"name":"In\u00edcio","item":"https:\/\/luxuryhomefloripa.com.br\/"},{"@type":"ListItem","position":2,"name":"CASACOR \/ HIF 2026 re\u00fane arquitetura global em S\u00e3o Paulo"}]},{"@type":"WebSite","@id":"https:\/\/luxuryhomefloripa.com.br\/#website","url":"https:\/\/luxuryhomefloripa.com.br\/","name":"Luxury Home Floripa - Imobili\u00e1ria com Im\u00f3veis \u00e0 venda em Florian\u00f3polis","description":"Imobili\u00e1ria em Jurer\u00ea com Im\u00f3veis \u00e0 venda em Florian\u00f3polis. Apartamentos, casas, coberturas, terrenos e lan\u00e7amentos imobili\u00e1rios","publisher":{"@id":"https:\/\/luxuryhomefloripa.com.br\/#organization"},"alternateName":"Luxury Home Floripa","potentialAction":[{"@type":"SearchAction","target":{"@type":"EntryPoint","urlTemplate":"https:\/\/luxuryhomefloripa.com.br\/?s={search_term_string}"},"query-input":{"@type":"PropertyValueSpecification","valueRequired":true,"valueName":"search_term_string"}}],"inLanguage":"es"},{"@type":["Organization","Place","RealEstateAgent"],"@id":"https:\/\/luxuryhomefloripa.com.br\/es\/#organization","name":"Casa de lujo Floripa","alternateName":"Luxury Home Floripa - Imobili\u00e1ria em Jurer\u00ea","url":"https:\/\/luxuryhomefloripa.com.br\/es\/","logo":{"@type":"ImageObject","@id":"https:\/\/luxuryhomefloripa.com.br\/es\/#\/schema\/logo\/image\/","inLanguage":"pt-BR","url":"https:\/\/luxuryhomefloripa.com.br\/wp-content\/uploads\/2025\/11\/luxury-home-floripa.png","contentUrl":"https:\/\/luxuryhomefloripa.com.br\/wp-content\/uploads\/2025\/11\/luxury-home-floripa.png","width":1200,"height":675,"caption":"Luxury Home Floripa - Imobili\u00e1ria com im\u00f3veis \u00e0 venda em Florian\u00f3polis"},"image":{"@id":"https:\/\/luxuryhomefloripa.com.br\/es\/#\/schema\/logo\/image\/"},"sameAs":["https:\/\/www.instagram.com\/luxuryhomefloripa\/","https:\/\/maps.app.goo.gl\/ymFbE67htB8wpMeU9","https:\/\/www.facebook.com\/luxuryhomefloripa","https:\/\/www.linkedin.com\/in\/luxuryhomefloripa\/","https:\/\/www.pinterest.com\/luxuryhomefloripa\/","https:\/\/www.youtube.com\/@LuxuryHomeFloripa","https:\/\/x.com\/luxuryhomefln"],"description":"Imobili\u00e1ria com im\u00f3veis \u00e0 venda em Florian\u00f3polis. Atendimento premium, bil\u00edngue e personalizado. Mais de R$ 320 milh\u00f5es em vendas em cinco anos. Curadoria exclusiva de apartamentos, casas, coberturas e lan\u00e7amentos imobili\u00e1rios na Ilha de Florian\u00f3polis.","email":"dayrocco@luxuryhomefloripa.com.br","telephone":"+5548996606799","legalName":"LUXURY HOME FLORIPA","foundingDate":"2021-01-23","vatID":"57.909.495\/0001-93","numberOfEmployees":{"@type":"QuantitativeValue","minValue":11,"maxValue":50},"priceRange":"$$$","hasMap":"https:\/\/maps.app.goo.gl\/ymFbE67htB8wpMeU9","currenciesAccepted":"BRL","paymentAccepted":"Transfer\u00eancia banc\u00e1ria, PIX, Financiamento","areaServed":{"@type":"City","name":"Florian\u00f3polis"},"address":{"@type":"PostalAddress","streetAddress":"R. Prof. Heinz Braunsperger, 88 - Loja 3 - Jurer\u00ea Internacional","addressLocality":"Florian\u00f3polis","addressRegion":"Santa Catarina","postalCode":"88053-680","addressCountry":"BR"},"geo":{"@type":"GeoCoordinates","latitude":-27.4386881,"longitude":-48.4831842},"openingHoursSpecification":{"@type":"OpeningHoursSpecification","dayOfWeek":["https:\/\/schema.org\/Monday","https:\/\/schema.org\/Tuesday","https:\/\/schema.org\/Wednesday","https:\/\/schema.org\/Thursday","https:\/\/schema.org\/Friday","https:\/\/schema.org\/Saturday","https:\/\/schema.org\/Sunday"],"opens":"00:00","closes":"23:59"},"aggregateRating":{"@type":"AggregateRating","ratingValue":"5.0","reviewCount":"25","bestRating":"5","worstRating":"1"},"identifier":{"@type":"PropertyValue","name":"CRECI","value":"11161"},"founder":{"@id":"https:\/\/luxuryhomefloripa.com.br\/es\/#agent-day-rocco"},"employee":{"@id":"https:\/\/luxuryhomefloripa.com.br\/es\/#agent-day-rocco"}},{"@type":"Person","@id":"https:\/\/luxuryhomefloripa.com.br\/#\/schema\/person\/a60113ff81d1c0dd057e6ea02b4067b4","name":"d\u00eda roco","image":{"@type":"ImageObject","inLanguage":"es","@id":"https:\/\/luxuryhomefloripa.com.br\/wp-content\/litespeed\/avatar\/ec12d140de6d82c9af0be44e054543fe.jpg?ver=1787745060","url":"https:\/\/luxuryhomefloripa.com.br\/wp-content\/litespeed\/avatar\/ec12d140de6d82c9af0be44e054543fe.jpg?ver=1787745060","contentUrl":"https:\/\/luxuryhomefloripa.com.br\/wp-content\/litespeed\/avatar\/ec12d140de6d82c9af0be44e054543fe.jpg?ver=1787745060","caption":"Day Rocco"},"description":"Sou especialista em im\u00f3veis de luxo, alto padr\u00e3o e investimentos imobili\u00e1rios no Sul do Brasil. Reconhecida pelo atendimento premium e bil\u00edngue, acompanho cada cliente desde a primeira busca at\u00e9 a entrega das chaves, conectando compradores e investidores aos empreendimentos mais exclusivos da ilha, de Jurer\u00ea Internacional ao Campeche, passando por Cacup\u00e9, Jo\u00e3o Paulo e Praia Brava. Fundadora da Luxury Home Floripa, acumulo mais de R$ 320 milh\u00f5es em vendas ao longo de cinco anos de atua\u00e7\u00e3o no mercado imobili\u00e1rio de alta renda. Aqui compartilho an\u00e1lises sobre o mercado de luxo em Florian\u00f3polis, lan\u00e7amentos de alto padr\u00e3o, tend\u00eancias de valoriza\u00e7\u00e3o e tudo o que um comprador exigente precisa saber antes de tomar uma decis\u00e3o patrimonial relevante. Tamb\u00e9m compartilho insights e novidades sobre o estilo de vida que cerca esse universo: mundo n\u00e1utico, gastronomia, eventos, esportes e tudo o que conecta Florian\u00f3polis ao mundo do alto padr\u00e3o.","sameAs":["https:\/\/luxuryhomefloripa.com.br\/"],"gender":"feminino","knowsAbout":["Im\u00f3veis de Luxo e Alto Padr\u00e3o"],"knowsLanguage":["Portug\u00eas","Ingl\u00eas","Espanhol"],"jobTitle":"Diretora de Relacionamento e Marketing","worksFor":"Luxury Home Floripa"}]}},"_links":{"self":[{"href":"https:\/\/luxuryhomefloripa.com.br\/es\/wp-json\/wp\/v2\/posts\/83474","targetHints":{"allow":["GET"]}}],"collection":[{"href":"https:\/\/luxuryhomefloripa.com.br\/es\/wp-json\/wp\/v2\/posts"}],"about":[{"href":"https:\/\/luxuryhomefloripa.com.br\/es\/wp-json\/wp\/v2\/types\/post"}],"author":[{"embeddable":true,"href":"https:\/\/luxuryhomefloripa.com.br\/es\/wp-json\/wp\/v2\/users\/10"}],"replies":[{"embeddable":true,"href":"https:\/\/luxuryhomefloripa.com.br\/es\/wp-json\/wp\/v2\/comments?post=83474"}],"version-history":[{"count":5,"href":"https:\/\/luxuryhomefloripa.com.br\/es\/wp-json\/wp\/v2\/posts\/83474\/revisions"}],"predecessor-version":[{"id":83501,"href":"https:\/\/luxuryhomefloripa.com.br\/es\/wp-json\/wp\/v2\/posts\/83474\/revisions\/83501"}],"wp:featuredmedia":[{"embeddable":true,"href":"https:\/\/luxuryhomefloripa.com.br\/es\/wp-json\/wp\/v2\/media\/83497"}],"wp:attachment":[{"href":"https:\/\/luxuryhomefloripa.com.br\/es\/wp-json\/wp\/v2\/media?parent=83474"}],"wp:term":[{"taxonomy":"category","embeddable":true,"href":"https:\/\/luxuryhomefloripa.com.br\/es\/wp-json\/wp\/v2\/categories?post=83474"},{"taxonomy":"post_tag","embeddable":true,"href":"https:\/\/luxuryhomefloripa.com.br\/es\/wp-json\/wp\/v2\/tags?post=83474"}],"curies":[{"name":"wp","href":"https:\/\/api.w.org\/{rel}","templated":true}]}}